{"id":171,"date":"2013-08-30T17:32:43","date_gmt":"2013-08-30T21:32:43","guid":{"rendered":"http:\/\/launionsantaana.gob.ec\/manabi\/?p=171"},"modified":"2013-08-30T17:32:43","modified_gmt":"2013-08-30T21:32:43","slug":"artesanal","status":"publish","type":"post","link":"https:\/\/launionsantaana.gob.ec\/manabi\/artesanal\/","title":{"rendered":"Artesanal"},"content":{"rendered":"<p> \tEl trabajo artesanal est\u00e1 reflejado en la ebanister\u00eda, modistas, sastres y la elaboraci\u00f3n artesanal de productos derivados de la leche.<\/p>\n","protected":false},"excerpt":{"rendered":"<p>El trabajo artesanal est\u00e1 reflejado en la ebanister\u00eda, modistas, sastres y la elaboraci\u00f3n artesanal de productos derivados de la leche.<\/p>\n","protected":false},"author":1,"featured_media":0,"comment_status":"closed","ping_status":"closed","sticky":false,"template":"","format":"standard","meta":{"footnotes":""},"categories":[1],"tags":[],"yst_prominent_words":[],"class_list":["post-171","post","type-post","status-publish","format-standard","hentry","category-sin-categoria"],"_links":{"self":[{"href":"https:\/\/launionsantaana.gob.ec\/manabi\/wp-json\/wp\/v2\/posts\/171","targetHints":{"allow":["GET"]}}],"collection":[{"href":"https:\/\/launionsantaana.gob.ec\/manabi\/wp-json\/wp\/v2\/posts"}],"about":[{"href":"https:\/\/launionsantaana.gob.ec\/manabi\/wp-json\/wp\/v2\/types\/post"}],"author":[{"embeddable":true,"href":"https:\/\/launionsantaana.gob.ec\/manabi\/wp-json\/wp\/v2\/users\/1"}],"replies":[{"embeddable":true,"href":"https:\/\/launionsantaana.gob.ec\/manabi\/wp-json\/wp\/v2\/comments?post=171"}],"version-history":[{"count":0,"href":"https:\/\/launionsantaana.gob.ec\/manabi\/wp-json\/wp\/v2\/posts\/171\/revisions"}],"wp:attachment":[{"href":"https:\/\/launionsantaana.gob.ec\/manabi\/wp-json\/wp\/v2\/media?parent=171"}],"wp:term":[{"taxonomy":"category","embeddable":true,"href":"https:\/\/launionsantaana.gob.ec\/manabi\/wp-json\/wp\/v2\/categories?post=171"},{"taxonomy":"post_tag","embeddable":true,"href":"https:\/\/launionsantaana.gob.ec\/manabi\/wp-json\/wp\/v2\/tags?post=171"},{"taxonomy":"yst_prominent_words","embeddable":true,"href":"https:\/\/launionsantaana.gob.ec\/manabi\/wp-json\/wp\/v2\/yst_prominent_words?post=171"}],"curies":[{"name":"wp","href":"https:\/\/api.w.org\/{rel}","templated":true}]}}