{"id":158,"date":"2011-10-19T15:49:58","date_gmt":"2011-10-19T19:49:58","guid":{"rendered":"http:\/\/launionsantaana.gob.ec\/manabi\/?p=158"},"modified":"2011-10-19T15:49:58","modified_gmt":"2011-10-19T19:49:58","slug":"bienvenidos-a-la-parroquia-qcojimiesq","status":"publish","type":"post","link":"https:\/\/launionsantaana.gob.ec\/manabi\/bienvenidos-a-la-parroquia-qcojimiesq\/","title":{"rendered":"Mensaje del Presidente"},"content":{"rendered":"<div style=\"overflow: auto; height: 750px;\">\n<div style=\"text-align: justify;\"> \t\t<img loading=\"lazy\" decoding=\"async\" class=\" alignleft size-full wp-image-157\" alt=\"\" src=\"http:\/\/launionsantaana.gob.ec\/manabi\/wp-content\/uploads\/2011\/10\/presidente_parroquial.png\" style=\"width: 128px; height: 170px; margin: 5px; float: left;\" width=\"128\" height=\"170\" \/><\/div>\n<div style=\"text-align: justify;\"> \t\tDesde el inicio de mi administraci\u00f3n acordamos con los miembros del Gobierno Parroquial y todo el equipo colaborador, planificar el desarrollo de nuestro sitio web www.launionsantaana.gob.ec para la parroquia como una estrategia para priorizar la inversi\u00f3n p\u00fablica, para satisfacer las demandas del territorio en una forma participativa, eficiente, oportuna y con credibilidad.<\/div>\n<div style=\"text-align: justify;\"> \t\t&nbsp;<\/div>\n<div style=\"text-align: justify;\"> \t\tLa constituci\u00f3n del 2008 otorga competencias que nos permiten desarrollarnos como gobierno, donde cada parroquia se transforma en una unidad de planificaci\u00f3n, es por esto que nuestra vocaci\u00f3n en el territorio agr\u00edcola-ganadero nos permite impulsar los procesos de desarrollo mejorando los indicadores y metas para este sector, sin embargo la oportunidad de elaborar el presente documento nos permite contar con una serie de herramientas que nos trazan el camino hasta el a\u00f1o 2020 y su oportuna actualizaci\u00f3n peri\u00f3dica.<\/div>\n<div style=\"text-align: justify;\"> \t\t&nbsp;<\/div>\n<div style=\"text-align: justify;\"> \t\tPongo a consideraci\u00f3n de la ciudadan\u00eda, autoridades, t\u00e9cnicos de los diferentes niveles de gobierno as\u00ed como la Cooperaci\u00f3n Internacional este plan que permita involucrar actores de todos los niveles que contribuyan a la generaci\u00f3n de empleo, disminuyan las necesidades b\u00e1sicas insatisfechas en una forma articulada y programada, lo que seguramente nos llevara a La Uni\u00f3n que todos queremos, La Unidad que todos deseamos desde la parroquia, cant\u00f3n, provincia y pa\u00eds.<\/div>\n<div style=\"text-align: justify;\"> \t\t&nbsp;<\/div>\n<div style=\"text-align: justify;\"> \t\tEn cumplimiento de las normativas constantes en el C\u00f3digo Org\u00e1nico de Ordenamiento Territorial, Autonom\u00eda y Descentralizaci\u00f3n (COOTAD) y el C\u00f3digo Org\u00e1nico de Planificaci\u00f3n y Finanzas P\u00fablicas (COPFP), el Gobierno Aut\u00f3nomo Descentralizado Parroquial de la Uni\u00f3n de Santa Ana a trav\u00e9s de sus competencias contrata los servicios de consultor\u00eda para elaborar el PDOT, cumpliendo con lo dispuesto en la Ley.<\/div>\n<div style=\"text-align: justify;\"> \t\t&nbsp;<\/div>\n<div style=\"text-align: justify;\"> \t\tEl trabajo &nbsp;de la p\u00e1gina web se basa dar a conocer a la ciudadan\u00eda de la parroquia la uni\u00f3n, sobre la planificaci\u00f3n y rendimiento de cuentas del a\u00f1o 2012 del Gobierno Aut\u00f3nomo Descentralizado Parroquial<\/div>\n<div style=\"text-align: justify;\"> \t\tPor una Uni\u00f3n prospera y fecunda por la unidad provincial y el manabitismo.<\/div>\n<div style=\"text-align: justify;\"> \t\t&nbsp;<\/div>\n<div style=\"text-align: center;\"> \t\t<em><strong>SR. JES\u00daS RA\u00daL MOR\u00c1N VEGA<\/strong><\/em><\/div>\n<div style=\"text-align: center;\"> \t\t<strong>PRESIDENTE DEL GOBIERNO PARROQUIAL DE LA UNI\u00d3N DE SANTA ANA<\/strong><\/div><\/div>\n","protected":false},"excerpt":{"rendered":"<p>Desde el inicio de mi administraci\u00f3n acordamos con los miembros del Gobierno Parroquial y todo el equipo colaborador, planificar el desarrollo de nuestro sitio web www.launionsantaana.gob.ec para la parroquia como una estrategia para priorizar la inversi\u00f3n p\u00fablica, para satisfacer las demandas del territorio en una forma participativa, eficiente, oportuna y con credibilidad. &nbsp; La constituci\u00f3n [&hellip;]<\/p>\n","protected":false},"author":1,"featured_media":157,"comment_status":"closed","ping_status":"closed","sticky":false,"template":"","format":"standard","meta":{"footnotes":""},"categories":[1],"tags":[],"yst_prominent_words":[],"class_list":{"0":"post-158","1":"post","2":"type-post","3":"status-publish","4":"format-standard","5":"has-post-thumbnail","6":"hentry","7":"category-sin-categoria","9":"post-with-thumbnail","10":"post-with-thumbnail-large"},"_links":{"self":[{"href":"https:\/\/launionsantaana.gob.ec\/manabi\/wp-json\/wp\/v2\/posts\/158","targetHints":{"allow":["GET"]}}],"collection":[{"href":"https:\/\/launionsantaana.gob.ec\/manabi\/wp-json\/wp\/v2\/posts"}],"about":[{"href":"https:\/\/launionsantaana.gob.ec\/manabi\/wp-json\/wp\/v2\/types\/post"}],"author":[{"embeddable":true,"href":"https:\/\/launionsantaana.gob.ec\/manabi\/wp-json\/wp\/v2\/users\/1"}],"replies":[{"embeddable":true,"href":"https:\/\/launionsantaana.gob.ec\/manabi\/wp-json\/wp\/v2\/comments?post=158"}],"version-history":[{"count":0,"href":"https:\/\/launionsantaana.gob.ec\/manabi\/wp-json\/wp\/v2\/posts\/158\/revisions"}],"wp:featuredmedia":[{"embeddable":true,"href":"https:\/\/launionsantaana.gob.ec\/manabi\/wp-json\/wp\/v2\/media\/157"}],"wp:attachment":[{"href":"https:\/\/launionsantaana.gob.ec\/manabi\/wp-json\/wp\/v2\/media?parent=158"}],"wp:term":[{"taxonomy":"category","embeddable":true,"href":"https:\/\/launionsantaana.gob.ec\/manabi\/wp-json\/wp\/v2\/categories?post=158"},{"taxonomy":"post_tag","embeddable":true,"href":"https:\/\/launionsantaana.gob.ec\/manabi\/wp-json\/wp\/v2\/tags?post=158"},{"taxonomy":"yst_prominent_words","embeddable":true,"href":"https:\/\/launionsantaana.gob.ec\/manabi\/wp-json\/wp\/v2\/yst_prominent_words?post=158"}],"curies":[{"name":"wp","href":"https:\/\/api.w.org\/{rel}","templated":true}]}}