{"id":138,"date":"2011-10-13T15:25:08","date_gmt":"2011-10-13T19:25:08","guid":{"rendered":"http:\/\/launionsantaana.gob.ec\/manabi\/?p=138"},"modified":"2011-10-13T15:25:08","modified_gmt":"2011-10-13T19:25:08","slug":"leyendas-y-tradiciones","status":"publish","type":"post","link":"https:\/\/launionsantaana.gob.ec\/manabi\/leyendas-y-tradiciones\/","title":{"rendered":"Leyendas y tradiciones"},"content":{"rendered":"<p align=\"center\"> \t<strong>Jos\u00e9 Joaqu\u00edn Cede\u00f1o Zambrano<\/strong><\/p>\n<p align=\"center\"> \t<strong>Un verdadero maestro, con m\u00edstica de trabajo y dedicaci\u00f3n.<\/strong><\/p>\n<p style=\"text-align: center;\"> \t<strong><img loading=\"lazy\" decoding=\"async\" class=\" size-full wp-image-135\" alt=\"12\" src=\"http:\/\/launionsantaana.gob.ec\/manabi\/wp-content\/uploads\/2011\/10\/jjcedeno.png\" style=\"width: 198px; height: 170px;\" width=\"198\" height=\"170\" \/><\/strong><\/p>\n<p style=\"text-align: justify;\"> \t<em>Biograf\u00eda<\/em><\/p>\n<p style=\"text-align: justify;\"> \t<em>El Sr. Jos\u00e9 Joaqu\u00edn Cede\u00f1o Zambrano naci\u00f3 en el Cant\u00f3n Santa Ana el&nbsp; 9 de Agosto de 1934, casado con la Sra. Blanca&nbsp; Holanda&nbsp; Mac\u00edas con la cual procre\u00f3 dos Hijos Silvia Patricia y Jos\u00e9 Luis.<\/em><\/p>\n<p style=\"text-align: justify;\"> \t<em>Sus Estudios Primarios los realiz\u00f3 en el Cant\u00f3n Santa Ana en la escuela 9 de Octubre y los Secundarios en el Colegio Mej\u00eda de la Ciudad de Quito.<\/em><\/p>\n<p style=\"text-align: justify;\"> \t<em>En los a\u00f1os de 1962 y 1963 fue Consejero Provincial. En el a\u00f1o 1962 llego a la Parroquia La Uni\u00f3n con el Cargo de Profesor de la Escuela Antonio Segovia, radic\u00e1ndose en el centro de la parroquia y posteriormente en el sitio llamado Perico.<\/em><\/p>\n<p style=\"text-align: justify;\"> \t<em>Don Pepe como cari\u00f1osamente se lo llamaba fue una persona respetable, se gan\u00f3 el cari\u00f1o y consideraci\u00f3n de quienes lo conoc\u00edan, en la parroquia fue un ejemplo a seguir, as\u00ed como tambi\u00e9n de sus compa\u00f1eros maestros que llegaron a impartir sus conocimientos en la escuela Antonio Segovia. Entre estos podr\u00edamos destacar al Sr. Profesor \u00cdtalo Pico,Bella Ozaeta, Mar\u00eda Espinoza, entre otros.<\/em><\/p>\n<p style=\"text-align: justify;\"> \t<em>Su Cari\u00f1o y Agradecimiento a la parroquia La Uni\u00f3n, tierra que lo acogi\u00f3 como hijo suyo, fue tal que plasm\u00f3 sus poemas en honor a La Uni\u00f3n en las ediciones&nbsp; del Libro Voces de Abril, primera&nbsp; edici\u00f3n&nbsp; de abril del&nbsp; 2003 y segunda edici\u00f3n&nbsp; de abril del&nbsp; 2004.que fueron publicados por el Ilustre Municipio del cant\u00f3n Santa Ana en la administraci\u00f3n del Sr. Ram\u00f3n Mieles Arteaga.<\/em><\/p>\n<p style=\"text-align: justify;\"> \t&nbsp;<\/p>\n<p style=\"text-align: justify;\"> \t<em>Muri\u00f3 el 30 de Mayo del 2010.dejando como legado su dedicaci\u00f3n, trabajo y sus sabias ense\u00f1anzas en muchos de los habitantes de la parroquia La Uni\u00f3n, adem\u00e1s esta su aporte po\u00e9tico que permanecer\u00e1n inc\u00f3lumes a trav\u00e9s del tiempo como muestra del gran cari\u00f1o que tuvo un hijo adoptivo de esta&nbsp; centenaria parroquia.<\/em><\/p>\n<p> \t&nbsp;<\/p>\n<p> \t<em>Poema a La Uni\u00f3n.&nbsp;&nbsp;&nbsp;&nbsp;&nbsp;&nbsp;&nbsp;&nbsp;&nbsp;&nbsp;&nbsp;&nbsp;&nbsp;&nbsp;&nbsp;&nbsp;&nbsp;&nbsp;&nbsp;&nbsp;&nbsp;&nbsp;&nbsp;&nbsp;&nbsp;&nbsp;&nbsp; Con rev\u00f3lveres&nbsp; al cinto,&nbsp;&nbsp;&nbsp;&nbsp;&nbsp;&nbsp;&nbsp;&nbsp;&nbsp;&nbsp;&nbsp;&nbsp;&nbsp;&nbsp;&nbsp;&nbsp;&nbsp;&nbsp;&nbsp; Hombres que aman a su tierra<\/em><\/p>\n<p> \t<em>&nbsp;&nbsp;&nbsp;&nbsp;&nbsp;&nbsp;&nbsp;&nbsp;&nbsp;&nbsp;&nbsp;&nbsp;&nbsp;&nbsp;&nbsp;&nbsp;&nbsp;&nbsp;&nbsp;&nbsp;&nbsp;&nbsp;&nbsp;&nbsp;&nbsp;&nbsp;&nbsp;&nbsp;&nbsp;&nbsp;&nbsp;&nbsp;&nbsp;&nbsp;&nbsp;&nbsp;&nbsp;&nbsp;&nbsp;&nbsp;&nbsp;&nbsp;&nbsp;&nbsp;&nbsp;&nbsp;&nbsp;&nbsp;&nbsp;&nbsp;&nbsp;&nbsp;&nbsp;&nbsp;&nbsp;&nbsp;&nbsp;&nbsp; en sus cananas mil balas,&nbsp;&nbsp;&nbsp;&nbsp;&nbsp;&nbsp;&nbsp;&nbsp;&nbsp;&nbsp;&nbsp;&nbsp;&nbsp;&nbsp;&nbsp;&nbsp;&nbsp;&nbsp; como a su propia mam\u00e1<\/em><\/p>\n<p> \t<em>De Chicompe y La Cancagua&nbsp;&nbsp;&nbsp;&nbsp;&nbsp;&nbsp;&nbsp;&nbsp;&nbsp;&nbsp;&nbsp;&nbsp; \u00a1Oh, Se\u00f1or, Dios poderoso!&nbsp;&nbsp;&nbsp;&nbsp;&nbsp;&nbsp;&nbsp;&nbsp;&nbsp;&nbsp;&nbsp;&nbsp;&nbsp;&nbsp; Que cantan al alma bella<\/em><\/p>\n<p> \t<em>de Pueblo Nuevo y Balzar&nbsp;&nbsp;&nbsp;&nbsp;&nbsp;&nbsp;&nbsp;&nbsp;&nbsp;&nbsp;&nbsp;&nbsp;&nbsp;&nbsp;&nbsp;&nbsp;&nbsp; dales t\u00fa la bienvenida&nbsp;&nbsp;&nbsp;&nbsp;&nbsp;&nbsp;&nbsp;&nbsp;&nbsp;&nbsp;&nbsp;&nbsp;&nbsp;&nbsp;&nbsp;&nbsp;&nbsp;&nbsp;&nbsp;&nbsp;&nbsp;&nbsp;&nbsp; de su terru\u00f1o natal;<\/em><\/p>\n<p> \t<em>de Rio Pl\u00e1tano y La Segua.&nbsp;&nbsp;&nbsp;&nbsp;&nbsp;&nbsp;&nbsp;&nbsp;&nbsp;&nbsp;&nbsp;&nbsp;&nbsp;&nbsp;&nbsp; a estos se\u00f1ores campo;&nbsp;&nbsp;&nbsp;&nbsp;&nbsp;&nbsp;&nbsp;&nbsp;&nbsp;&nbsp;&nbsp;&nbsp;&nbsp;&nbsp;&nbsp;&nbsp;&nbsp;&nbsp;&nbsp;&nbsp;&nbsp;&nbsp;&nbsp;&nbsp;&nbsp;&nbsp;&nbsp;&nbsp;&nbsp;&nbsp;&nbsp;&nbsp;&nbsp; con sus rev\u00f3lveres al cinto<\/em><\/p>\n<p> \t<em>&nbsp;&nbsp;&nbsp;&nbsp;&nbsp;&nbsp;&nbsp;&nbsp;&nbsp;&nbsp;&nbsp;&nbsp;&nbsp;&nbsp;&nbsp;&nbsp;&nbsp;&nbsp;&nbsp;&nbsp;&nbsp;&nbsp;&nbsp;&nbsp;&nbsp;&nbsp;&nbsp;&nbsp;&nbsp;&nbsp;&nbsp;&nbsp;&nbsp;&nbsp;&nbsp;&nbsp;&nbsp;&nbsp;&nbsp;&nbsp;&nbsp;&nbsp;&nbsp;&nbsp;&nbsp;&nbsp;&nbsp;&nbsp;&nbsp;&nbsp;&nbsp;&nbsp;&nbsp;&nbsp;&nbsp;&nbsp;&nbsp;&nbsp; manden a ver m\u00e1s aguardiente&nbsp;&nbsp;&nbsp;&nbsp;&nbsp;&nbsp;&nbsp;&nbsp;&nbsp;&nbsp;&nbsp;&nbsp;&nbsp;&nbsp;&nbsp;&nbsp;&nbsp;&nbsp;&nbsp;&nbsp;&nbsp; y sus cananas mil balas<\/em><\/p>\n<p> \t<em>Vienen los bravos del cerro,&nbsp;&nbsp;&nbsp;&nbsp;&nbsp;&nbsp;&nbsp;&nbsp;&nbsp;&nbsp;&nbsp;&nbsp;&nbsp;&nbsp; que ya llegan los Sol\u00f3rzano&nbsp;&nbsp;&nbsp;&nbsp;&nbsp;&nbsp;&nbsp;&nbsp;&nbsp;&nbsp;&nbsp;&nbsp;&nbsp;&nbsp; con sus espuelas doradas<\/em><\/p>\n<p> \t<em>llegan para platicar;&nbsp;&nbsp;&nbsp;&nbsp;&nbsp;&nbsp;&nbsp;&nbsp;&nbsp;&nbsp;&nbsp;&nbsp;&nbsp;&nbsp;&nbsp;&nbsp;&nbsp;&nbsp;&nbsp;&nbsp;&nbsp;&nbsp;&nbsp;&nbsp;&nbsp; y Ram\u00f3n Mieles, el Alcalde,&nbsp;&nbsp;&nbsp;&nbsp;&nbsp;&nbsp;&nbsp;&nbsp;&nbsp;&nbsp;&nbsp;&nbsp;&nbsp;&nbsp; y sus voces encendidas<\/em><\/p>\n<p> \t<em>pa\u2019 conversar con la gente&nbsp;&nbsp;&nbsp;&nbsp;&nbsp;&nbsp;&nbsp;&nbsp;&nbsp;&nbsp;&nbsp;&nbsp;&nbsp;&nbsp;&nbsp;&nbsp; que desean que su parroquia&nbsp;&nbsp;&nbsp;&nbsp;&nbsp;&nbsp;&nbsp;&nbsp;&nbsp;&nbsp;&nbsp;&nbsp; gritaban unos tras de otros:<\/em><\/p>\n<p> \t<em>sobre su tierra natal.&nbsp;&nbsp;&nbsp;&nbsp;&nbsp;&nbsp;&nbsp;&nbsp;&nbsp;&nbsp;&nbsp;&nbsp;&nbsp;&nbsp;&nbsp;&nbsp;&nbsp;&nbsp;&nbsp;&nbsp;&nbsp;&nbsp;&nbsp;&nbsp;&nbsp; Grande, rica y poderosa,&nbsp;&nbsp;&nbsp;&nbsp;&nbsp;&nbsp;&nbsp;&nbsp;&nbsp;&nbsp;&nbsp;&nbsp;&nbsp;&nbsp;&nbsp;&nbsp;&nbsp;&nbsp; Viva m\u00e1s, viva m\u00e1s, ah\u00ed nom\u00e1s.<br \/> \tLa reuni\u00f3n es en el parque&nbsp;&nbsp;&nbsp;&nbsp;&nbsp;&nbsp;&nbsp;&nbsp;&nbsp;&nbsp;&nbsp;&nbsp;&nbsp;&nbsp;&nbsp;&nbsp; se vista con bata larga,&nbsp;&nbsp;&nbsp;&nbsp;&nbsp;&nbsp;&nbsp;&nbsp;&nbsp;&nbsp;&nbsp;&nbsp;&nbsp;&nbsp;&nbsp;&nbsp;&nbsp;&nbsp;&nbsp;&nbsp;&nbsp;&nbsp;&nbsp;&nbsp;&nbsp;&nbsp;&nbsp;&nbsp;&nbsp;&nbsp;&nbsp;&nbsp;&nbsp;&nbsp;&nbsp;&nbsp;&nbsp;&nbsp;&nbsp;&nbsp;&nbsp;&nbsp;&nbsp;&nbsp;&nbsp;<\/em><\/p>\n<p> \t<em>y en la casa comunal.&nbsp;&nbsp;&nbsp;&nbsp;&nbsp;&nbsp;&nbsp;&nbsp;&nbsp;&nbsp;&nbsp;&nbsp;&nbsp;&nbsp;&nbsp;&nbsp;&nbsp;&nbsp;&nbsp;&nbsp;&nbsp;&nbsp;&nbsp;&nbsp; en sus 100 a\u00f1os de vida&nbsp;&nbsp;&nbsp;&nbsp;&nbsp;&nbsp;&nbsp;&nbsp; ,&nbsp;&nbsp;&nbsp;&nbsp;&nbsp;&nbsp;&nbsp;&nbsp;&nbsp;&nbsp;&nbsp;&nbsp;&nbsp;&nbsp;&nbsp;&nbsp;&nbsp;&nbsp;&nbsp;&nbsp;&nbsp;&nbsp;&nbsp;&nbsp;&nbsp;&nbsp;&nbsp;&nbsp;&nbsp;&nbsp;&nbsp;&nbsp;&nbsp;<\/em><\/p>\n<p> \t&nbsp;&nbsp;&nbsp;&nbsp;&nbsp;&nbsp;&nbsp;&nbsp;&nbsp;&nbsp;&nbsp;&nbsp;&nbsp;&nbsp;&nbsp;&nbsp;&nbsp;&nbsp;&nbsp;&nbsp;&nbsp;&nbsp;&nbsp;&nbsp;&nbsp;&nbsp;&nbsp;&nbsp;&nbsp;&nbsp;&nbsp;&nbsp;&nbsp;&nbsp;&nbsp;&nbsp;&nbsp;&nbsp;&nbsp;&nbsp;&nbsp;&nbsp;&nbsp;&nbsp;&nbsp;&nbsp;&nbsp;&nbsp;&nbsp;&nbsp;&nbsp;&nbsp;&nbsp;&nbsp;&nbsp;&nbsp;&nbsp;&nbsp;&nbsp;<em>de trabajo y esperanza.<\/em><\/p>\n<p> \t<em>All\u00ed esperaba don L\u00edder &nbsp;<\/em><\/p>\n<p> \t<em>Jos\u00e9 Cede\u00f1o Zambrano<\/em><\/p>\n<p> \t<em>y la gente de ciudad;&nbsp;&nbsp;&nbsp;&nbsp;&nbsp;&nbsp;&nbsp;&nbsp;&nbsp;&nbsp;&nbsp;&nbsp;&nbsp;&nbsp;&nbsp;&nbsp;&nbsp;&nbsp;&nbsp;&nbsp;&nbsp;&nbsp;&nbsp;&nbsp;&nbsp; Vestida&nbsp; de gala esta<\/em><\/p>\n<p> \t<em>Medardo Palma,Custodio,&nbsp;&nbsp;&nbsp;&nbsp;&nbsp;&nbsp;&nbsp;&nbsp;&nbsp;&nbsp;&nbsp;&nbsp;&nbsp;&nbsp;&nbsp;&nbsp; y su cabello con canas,<\/em><\/p>\n<p> \t<em>Amado y Silvio Cede\u00f1o&nbsp;&nbsp;&nbsp;&nbsp;&nbsp;&nbsp;&nbsp;&nbsp;&nbsp;&nbsp;&nbsp;&nbsp;&nbsp;&nbsp;&nbsp;&nbsp;&nbsp;&nbsp;&nbsp;&nbsp;&nbsp;&nbsp;&nbsp;&nbsp;&nbsp;&nbsp;&nbsp;&nbsp;&nbsp;&nbsp;&nbsp;&nbsp;&nbsp; de piedras, sus zapatillas,<\/em><\/p>\n<p> \t<em>Don Plutarco y su cu\u00f1a,&nbsp;&nbsp;&nbsp;&nbsp;&nbsp;&nbsp;&nbsp;&nbsp;&nbsp;&nbsp;&nbsp;&nbsp;&nbsp;&nbsp;&nbsp;&nbsp;&nbsp;&nbsp;&nbsp;&nbsp; de randa, su cintur\u00f3n<\/em><\/p>\n<p> \t<em>m\u00e1s personas, m\u00e1s de treinta&nbsp;&nbsp;&nbsp;&nbsp;&nbsp;&nbsp;&nbsp;&nbsp;&nbsp;&nbsp;&nbsp;&nbsp; y de miel, sus ojos verdes,<\/em><\/p>\n<p> \t<em>por no saber contar m\u00e1s.&nbsp;&nbsp;&nbsp;&nbsp;&nbsp;&nbsp;&nbsp;&nbsp;&nbsp;&nbsp;&nbsp;&nbsp;&nbsp;&nbsp;&nbsp;&nbsp;&nbsp;&nbsp; De luces, sus gargantas<\/em><\/p>\n<p> \t<em>Estaban los profesores&nbsp;&nbsp;&nbsp;&nbsp;&nbsp;&nbsp;&nbsp;&nbsp;&nbsp;&nbsp;&nbsp;&nbsp;&nbsp;&nbsp;&nbsp;&nbsp;&nbsp;&nbsp;&nbsp;&nbsp;&nbsp;&nbsp;&nbsp;&nbsp;&nbsp;&nbsp;&nbsp;&nbsp;&nbsp;&nbsp;&nbsp;&nbsp;&nbsp;&nbsp; que se aprestan a gritar:<\/em><\/p>\n<p> \t<em>Do\u00f1a Glemmy y don Vicente,&nbsp;&nbsp;&nbsp;&nbsp;&nbsp;&nbsp;&nbsp;&nbsp;&nbsp;&nbsp;&nbsp;&nbsp; viva La Uni\u00f3n \u00a1Carajo!<\/em><\/p>\n<p> \t<em>Mar\u00eda y el Loco Daniel,&nbsp;&nbsp;&nbsp;&nbsp;&nbsp;&nbsp;&nbsp;&nbsp;&nbsp;&nbsp;&nbsp;&nbsp;&nbsp;&nbsp;&nbsp;&nbsp;&nbsp;&nbsp;&nbsp;&nbsp;&nbsp;&nbsp;&nbsp;&nbsp;&nbsp;&nbsp;&nbsp;&nbsp;&nbsp;&nbsp;&nbsp;&nbsp; monta\u00f1a m\u00e1gica y singular.<\/em><\/p>\n<p> \t<em>m\u00e1s de 50 personas, m\u00e1s.<\/em><\/p>\n<p> \t<em>&nbsp;&nbsp;&nbsp;&nbsp;&nbsp;&nbsp;&nbsp;&nbsp;&nbsp;&nbsp;&nbsp;&nbsp;&nbsp;&nbsp;&nbsp;&nbsp;&nbsp;&nbsp;&nbsp;&nbsp;&nbsp;&nbsp;&nbsp;&nbsp;&nbsp;&nbsp;&nbsp;&nbsp;&nbsp;&nbsp;&nbsp;&nbsp;&nbsp;&nbsp;&nbsp;&nbsp;&nbsp;&nbsp;&nbsp;&nbsp;&nbsp;&nbsp;&nbsp;&nbsp;&nbsp;&nbsp;&nbsp;&nbsp;&nbsp;&nbsp;&nbsp;&nbsp;&nbsp;&nbsp;&nbsp;&nbsp;&nbsp;&nbsp; Y de Pueblo Nuevo llegan<\/em><\/p>\n<p> \t<em>Los Intriago y Los V\u00e9lez&nbsp;&nbsp;&nbsp;&nbsp;&nbsp;&nbsp;&nbsp;&nbsp;&nbsp;&nbsp;&nbsp;&nbsp;&nbsp;&nbsp;&nbsp;&nbsp;&nbsp;&nbsp;&nbsp;&nbsp; los nombrados de la farra<\/em><\/p>\n<p> \t<em>los Rezabala y los Rivas, &nbsp;&nbsp;&nbsp;&nbsp;&nbsp;&nbsp;&nbsp;&nbsp;&nbsp;&nbsp;&nbsp;&nbsp;&nbsp;&nbsp;&nbsp;&nbsp;&nbsp;&nbsp; Nelson Salas y el Mayor,<\/em><\/p>\n<p> \t<em>el bravo Antonio Mac\u00edas&nbsp;&nbsp;&nbsp;&nbsp;&nbsp;&nbsp;&nbsp;&nbsp;&nbsp;&nbsp;&nbsp;&nbsp;&nbsp;&nbsp;&nbsp;&nbsp;&nbsp;&nbsp;&nbsp; Don Euclides con sus hijos,<\/em><\/p>\n<p> \t<em>y don Amado Zambrano &nbsp; &nbsp; &nbsp; &nbsp; &nbsp; &nbsp; &nbsp; &nbsp; &nbsp; ellos pagaran la orquesta<\/em><\/p>\n<p> \t<em>todos son de pura sangre; &nbsp; &nbsp; &nbsp; &nbsp; &nbsp; &nbsp; &nbsp; &nbsp; &nbsp; tragos, vivas y amorfinos,<\/em><\/p>\n<p> \t<em>hombres que cantan al alba &nbsp; &nbsp; &nbsp; &nbsp; &nbsp; &nbsp; &nbsp; &nbsp; de todo hay en esta farra.<\/em><\/p>\n<p> \t<em>de su querida monta\u00f1a. &nbsp; &nbsp; &nbsp; &nbsp; &nbsp; &nbsp; &nbsp; &nbsp; &nbsp; &nbsp; &nbsp; Ya para la madrugada&nbsp;&nbsp;&nbsp;&nbsp;&nbsp;&nbsp;&nbsp;&nbsp;&nbsp;&nbsp;&nbsp;&nbsp;&nbsp;&nbsp;&nbsp;&nbsp;&nbsp;&nbsp;&nbsp;&nbsp;&nbsp;&nbsp;&nbsp;&nbsp;&nbsp;&nbsp;&nbsp;&nbsp;&nbsp;&nbsp;&nbsp;&nbsp;&nbsp;&nbsp;&nbsp;&nbsp;&nbsp;&nbsp;&nbsp;&nbsp;&nbsp;&nbsp;&nbsp;&nbsp;&nbsp;&nbsp; Fuente: Jos\u00e9 Luis Cede\u00f1o.<\/em><\/p>\n<p> \t<em>&nbsp;&nbsp;&nbsp;&nbsp;&nbsp;&nbsp;&nbsp;&nbsp;&nbsp;&nbsp;&nbsp;&nbsp;&nbsp;&nbsp;&nbsp;&nbsp;&nbsp;&nbsp;&nbsp;&nbsp;&nbsp;&nbsp;&nbsp;&nbsp;&nbsp;&nbsp;&nbsp;&nbsp;&nbsp;&nbsp;&nbsp;&nbsp;&nbsp;&nbsp;&nbsp;&nbsp;&nbsp;&nbsp;&nbsp;&nbsp;&nbsp;&nbsp;&nbsp;&nbsp;&nbsp;&nbsp;&nbsp;&nbsp;&nbsp;&nbsp;&nbsp;&nbsp;&nbsp;&nbsp;&nbsp;&nbsp;&nbsp;&nbsp; Se convida un aguado<\/em><\/p>\n<p> \t<em>&nbsp;&nbsp;&nbsp;&nbsp;&nbsp;&nbsp;&nbsp;&nbsp;&nbsp;&nbsp;&nbsp;&nbsp;&nbsp;&nbsp;&nbsp;&nbsp;&nbsp;&nbsp;&nbsp;&nbsp;&nbsp;&nbsp;&nbsp;&nbsp;&nbsp;&nbsp;&nbsp;&nbsp;&nbsp;&nbsp;&nbsp;&nbsp;&nbsp;&nbsp;&nbsp;&nbsp;&nbsp;&nbsp;&nbsp;&nbsp;&nbsp;&nbsp;&nbsp;&nbsp;&nbsp;&nbsp;&nbsp;&nbsp;&nbsp;&nbsp;&nbsp;&nbsp;&nbsp;&nbsp;&nbsp;&nbsp;&nbsp;&nbsp; que lo prepar\u00f3 Ubaldina<\/em><\/p>\n<p> \t<em>&nbsp;&nbsp;&nbsp;&nbsp;&nbsp;&nbsp;&nbsp;&nbsp;&nbsp;&nbsp;&nbsp;&nbsp;&nbsp;&nbsp;&nbsp;&nbsp;&nbsp;&nbsp;&nbsp;&nbsp;&nbsp;&nbsp;&nbsp;&nbsp;&nbsp;&nbsp;&nbsp;&nbsp;&nbsp;&nbsp;&nbsp;&nbsp;&nbsp;&nbsp;&nbsp;&nbsp;&nbsp;&nbsp;&nbsp;&nbsp;&nbsp;&nbsp;&nbsp;&nbsp;&nbsp;&nbsp;&nbsp;&nbsp;&nbsp;&nbsp;&nbsp;&nbsp;&nbsp;&nbsp;&nbsp;&nbsp;&nbsp;&nbsp; a todos sus invitados.<\/em><\/p>\n<p> \t&nbsp;<\/p>\n<p align=\"center\"> \t&nbsp;<\/p>\n<p align=\"center\"> \t<strong>Padre Alberto Ferri<\/strong><\/p>\n<p align=\"center\"> \t<strong>Un verdadero mensajero de la palabra de Dios<\/strong><\/p>\n<p style=\"text-align: center;\"> \t<strong><img loading=\"lazy\" decoding=\"async\" class=\" size-full wp-image-136\" alt=\"13\" src=\"http:\/\/launionsantaana.gob.ec\/manabi\/wp-content\/uploads\/2011\/10\/padre_ferri.png\" style=\"width: 198px; height: 170px;\" width=\"198\" height=\"170\" \/><\/strong><\/p>\n<p style=\"text-align: justify;\"> \t<em>Biograf\u00eda<\/em><\/p>\n<p style=\"text-align: justify;\"> \t&nbsp;<\/p>\n<p style=\"text-align: justify;\"> \t<em>El Padre Alberto Ferri naci\u00f3 el 5 de Septiembre de 1935 en la ciudad de Cologno al Serio de B\u00e9rgamo. Fueron sus padres el Sr. Pietro Ferri y la Sra. Luc\u00eda Garavelli. Sus hermanos (+) Giancarlo, Mario y Rita.<\/em><\/p>\n<p style=\"text-align: justify;\"> \t&nbsp;<\/p>\n<p style=\"text-align: justify;\"> \t<em>Su ordenaci\u00f3n como Sacerdote fue el 18 de Marzo de 1961, su misi\u00f3n en Ecuador comenz\u00f3 en el a\u00f1o 1963 en el Recinto Viche perteneciente a la provincia de Esmeraldas. De all\u00ed paso a la parroquia Honorato V\u00e1squez en la provincia de Manab\u00ed, luego a la comunidad La Bramadora en el cant\u00f3n El Carmen por ultimo en la comunidad Manga del<\/em><\/p>\n<p style=\"text-align: justify;\"> \t&nbsp;<\/p>\n<p style=\"text-align: justify;\"> \t<em>Cura de El Para\u00edso.<\/em><\/p>\n<p style=\"text-align: justify;\"> \t&nbsp;<\/p>\n<p style=\"text-align: justify;\"> \t<em>El Padre Alberto Ferri fue un gran sacerdote, su esp\u00edritu misionero nos deja en nuestra parroquia y sus comunidades una huella imborrable que permanecer\u00e1 y dar\u00e1 muchos frutos durante toda nuestra vida.&nbsp; El Padre Alberto un hombre luchador hasta con la enfermedad, con la \u00fanica ilusi\u00f3n de mantener la paz en las comunidades.<\/em><\/p>\n<p style=\"text-align: justify;\"> \t&nbsp;<\/p>\n<p style=\"text-align: justify;\"> \t<em>Vamos a vivir un poco de rese\u00f1a de su vida misionera, con los signos preparados:<\/em><\/p>\n<p style=\"text-align: justify;\"> \t&nbsp;<\/p>\n<p style=\"text-align: justify;\"> \t<strong><em>La Cruz:<\/em><\/strong>&nbsp;<em>Signo de su entrega y sacrificio en las misiones.<\/em><\/p>\n<p style=\"text-align: justify;\"> \t&nbsp;<\/p>\n<p style=\"text-align: justify;\"> \t<strong><em>El Misal:<\/em><\/strong>&nbsp;<em>Toda la fuerza, energ\u00eda y alegr\u00eda que el padre demostr\u00f3 durante toda su vida fue fruto de la palabra de Dios.<\/em><\/p>\n<p style=\"text-align: justify;\"> \t&nbsp;<\/p>\n<p style=\"text-align: justify;\"> \t<strong><em>El Alba:<\/em><\/strong>&nbsp;<em>La que m\u00e1s le gustaba por los signos que&nbsp; ella contiene, signo de santidad y entrega a Dios.<\/em><\/p>\n<p style=\"text-align: justify;\"> \t&nbsp;<\/p>\n<p style=\"text-align: justify;\"> \t<strong><em>Velas:<\/em><\/strong>&nbsp;<em>Los cabitos de vela,era su entretenimiento favorito, recoger los cabitos de vela que sobraban, guardarlos en una funda y mientras escrib\u00eda la vida de cada comunidad, en unos cuadernitos peque\u00f1os y c\u00f3modos, su encanto era ver terminar la vela y encima colocar otro cabito.<\/em><\/p>\n<p style=\"text-align: justify;\"> \t&nbsp;<\/p>\n<p style=\"text-align: justify;\"> \t<strong><em>Malet\u00edn:<\/em><\/strong>&nbsp;<em>El malet\u00edn siempre polvoso, porque era su compa\u00f1ero de misi\u00f3n, donde guardaba el c\u00e1liz, la patena, purificadores, el alba, la Biblia, el libro de canto, la estola, entre otras cosas.<\/em><\/p>\n<p style=\"text-align: justify;\"> \t&nbsp;<\/p>\n<p style=\"text-align: justify;\"> \t<strong><em>Botas:<\/em><\/strong><em>Instrumento eficaz para llegar hasta los \u00faltimos confines de las comunidades.<\/em><\/p>\n<p style=\"text-align: justify;\"> \t&nbsp;<\/p>\n<p style=\"text-align: justify;\"> \t<strong><em>Bast\u00f3n:<\/em><\/strong>&nbsp;<em>Complemento de las botas, le serv\u00eda de apoyo en sus largas caminatas, le permit\u00eda llegar muy lejos y cuando la gente le preguntaba: Padre, para que carga ese palo? El sonriendo respond\u00eda: Paran no caer, para despertar a los dormidos y para matar culebras.<\/em><\/p>\n<p style=\"text-align: justify;\"> \t&nbsp;<\/p>\n<p style=\"text-align: justify;\"> \t<strong><em>Sombrero:<\/em><\/strong>&nbsp;<em>Complemento de las botas y el bast\u00f3n, lo hac\u00eda autentico manabita.<\/em><\/p>\n<p style=\"text-align: justify;\"> \t&nbsp;<\/p>\n<p style=\"text-align: justify;\"> \t<em>Sandalias: Siempre las usaba para celebrar la Eucarist\u00eda, siempre firma y en varias ocasiones sentado, con su pierna cruzada se inspiraba en la palabra de Dios.<\/em><\/p>\n<p style=\"text-align: justify;\"> \t&nbsp;<\/p>\n<p style=\"text-align: justify;\"> \tLa recreaci\u00f3n activa en LA UNION viene dado principalmente por la pr\u00e1ctica deportiva, uso de juegos infantiles, tur\u00edsticamente la recreaci\u00f3n viene dada al conjunto de actividades en comuni\u00f3n con la naturaleza puede ser nataci\u00f3n, u otros deportes.<\/p>\n<p style=\"text-align: justify;\"> \t<o:p><\/o:p><\/p>\n<p style=\"text-align: justify;\"> \t&nbsp;<\/p>\n<p style=\"text-align: justify;\"> \tEn las comunidades y cabecera carecen de espacios para este tipo de recreaci\u00f3n por lo que se hace necesario la construcci\u00f3n de canchas, estadio y juegos infantiles as\u00ed como las \u00e1reas de paseo al aire libre en los parques, con lo que se abordar\u00edan todas las edades, sexo y estrato social.<\/p>\n<p style=\"text-align: justify;\"> \t<o:p><\/o:p><\/p>\n<p style=\"text-align: justify;\"> \t&nbsp;<\/p>\n<p style=\"text-align: justify;\"> \tLa recreaci\u00f3n pasiva est\u00e1 ligada a actividades culturales y de distracci\u00f3n visual como teatros que bien pueden desarrollarse en la concha ac\u00fastica, pintura o talleres artesanales, galleras, entre otras, por lo que se recomienda desarrollar una concha ac\u00fastica y formar un taller de teatro destinado a rescatar la identidad local.<\/p>\n<p style=\"text-align: justify;\"> \t<o:p><\/o:p><\/p>\n<p style=\"text-align: justify;\"> \t&nbsp;<\/p>\n<p style=\"text-align: justify;\"> \tEn los saberes ancestrales locales se identifican claramente la forma de cultivo, la gastronom\u00eda, la tecnolog\u00eda constructiva en guadua, la danza, la vestimenta y los chigualos, todas forman parte de la identidad del montubio y sus saberes como desarrollar los temas que hoy tienen un tinte urbano.<\/p>\n<p style=\"text-align: center;\"> \t<img loading=\"lazy\" decoding=\"async\" class=\" size-full wp-image-137\" alt=\"\" src=\"http:\/\/launionsantaana.gob.ec\/manabi\/wp-content\/uploads\/2011\/10\/26.png\" style=\"width: 198px; height: 170px;\" width=\"198\" height=\"170\" \/><\/p>\n<p style=\"text-align: justify;\"> \t<o:p><\/o:p><\/p>\n","protected":false},"excerpt":{"rendered":"<p>Jos\u00e9 Joaqu\u00edn Cede\u00f1o Zambrano Un verdadero maestro, con m\u00edstica de trabajo y dedicaci\u00f3n. Biograf\u00eda El Sr. Jos\u00e9 Joaqu\u00edn Cede\u00f1o Zambrano naci\u00f3 en el Cant\u00f3n Santa Ana el&nbsp; 9 de Agosto de 1934, casado con la Sra. Blanca&nbsp; Holanda&nbsp; Mac\u00edas con la cual procre\u00f3 dos Hijos Silvia Patricia y Jos\u00e9 Luis. Sus Estudios Primarios los realiz\u00f3 [&hellip;]<\/p>\n","protected":false},"author":1,"featured_media":135,"comment_status":"closed","ping_status":"closed","sticky":false,"template":"","format":"standard","meta":{"footnotes":""},"categories":[1],"tags":[],"yst_prominent_words":[],"class_list":{"0":"post-138","1":"post","2":"type-post","3":"status-publish","4":"format-standard","5":"has-post-thumbnail","6":"hentry","7":"category-sin-categoria","9":"post-with-thumbnail","10":"post-with-thumbnail-large"},"_links":{"self":[{"href":"https:\/\/launionsantaana.gob.ec\/manabi\/wp-json\/wp\/v2\/posts\/138","targetHints":{"allow":["GET"]}}],"collection":[{"href":"https:\/\/launionsantaana.gob.ec\/manabi\/wp-json\/wp\/v2\/posts"}],"about":[{"href":"https:\/\/launionsantaana.gob.ec\/manabi\/wp-json\/wp\/v2\/types\/post"}],"author":[{"embeddable":true,"href":"https:\/\/launionsantaana.gob.ec\/manabi\/wp-json\/wp\/v2\/users\/1"}],"replies":[{"embeddable":true,"href":"https:\/\/launionsantaana.gob.ec\/manabi\/wp-json\/wp\/v2\/comments?post=138"}],"version-history":[{"count":0,"href":"https:\/\/launionsantaana.gob.ec\/manabi\/wp-json\/wp\/v2\/posts\/138\/revisions"}],"wp:featuredmedia":[{"embeddable":true,"href":"https:\/\/launionsantaana.gob.ec\/manabi\/wp-json\/wp\/v2\/media\/135"}],"wp:attachment":[{"href":"https:\/\/launionsantaana.gob.ec\/manabi\/wp-json\/wp\/v2\/media?parent=138"}],"wp:term":[{"taxonomy":"category","embeddable":true,"href":"https:\/\/launionsantaana.gob.ec\/manabi\/wp-json\/wp\/v2\/categories?post=138"},{"taxonomy":"post_tag","embeddable":true,"href":"https:\/\/launionsantaana.gob.ec\/manabi\/wp-json\/wp\/v2\/tags?post=138"},{"taxonomy":"yst_prominent_words","embeddable":true,"href":"https:\/\/launionsantaana.gob.ec\/manabi\/wp-json\/wp\/v2\/yst_prominent_words?post=138"}],"curies":[{"name":"wp","href":"https:\/\/api.w.org\/{rel}","templated":true}]}}