{"id":130,"date":"2011-10-13T15:19:47","date_gmt":"2011-10-13T19:19:47","guid":{"rendered":"http:\/\/launionsantaana.gob.ec\/manabi\/?p=130"},"modified":"2016-03-15T12:35:30","modified_gmt":"2016-03-15T16:35:30","slug":"division-politica","status":"publish","type":"post","link":"https:\/\/launionsantaana.gob.ec\/manabi\/division-politica\/","title":{"rendered":"Divisi\u00f3n Pol\u00edtica"},"content":{"rendered":"<p>Ubicaci\u00f3n geogr\u00e1fica y divisi\u00f3n pol\u00edtica de la parroquia la Uni\u00f3n.<br \/>\nLa parroquia rural de la Uni\u00f3n se encuentra ubicada, geogr\u00e1ficamente en el centro este del Cant\u00f3n Santa a 1\u00b0 12&#8242; 33,416\u201d de latitud Sur, y 80\u00b0 9&#8242; 8,621&#8243; de longitud Oeste, se describe a continuaci\u00f3n los datos principales de la parroquia:<br \/>\nNombre del GAD<br \/>\nGobierno Aut\u00f3nomo Descentralizado Parroquial Rural de la Uni\u00f3n. Fecha de creaci\u00f3n de la parroquia 7 de diciembre de 1883<br \/>\nPoblaci\u00f3n total al 2015<br \/>\n6.712 habitantes Extensi\u00f3n 256,00 k2<br \/>\nL\u00edmites<br \/>\n\uf0b7 Norte: con la Parroquia Honorato V\u00e1squez del Cant\u00f3n Santa Ana.<br \/>\n\uf0b7 Sur: Cant\u00f3n Olmedo.<br \/>\n\uf0b7 Este: con la Parroquia San Pablo de Pueblo Nuevo del Cant\u00f3n Santa Ana.<br \/>\n\uf0b7 Oeste: Parroquia Ayacucho y Santa Ana del cant\u00f3n Santa Ana. Rango altitudinal Su altitud promedio es de 300 m.s.n.m. y su zona alta m\u00e1s<\/p>\n","protected":false},"excerpt":{"rendered":"<p>Ubicaci\u00f3n geogr\u00e1fica y divisi\u00f3n pol\u00edtica de la parroquia la Uni\u00f3n. La parroquia rural de la Uni\u00f3n se encuentra ubicada, geogr\u00e1ficamente en el centro este del Cant\u00f3n Santa a 1\u00b0 12&#8242; 33,416\u201d de latitud Sur, y 80\u00b0 9&#8242; 8,621&#8243; de longitud Oeste, se describe a continuaci\u00f3n los datos principales de la parroquia: Nombre del GAD Gobierno [&hellip;]<\/p>\n","protected":false},"author":1,"featured_media":0,"comment_status":"closed","ping_status":"closed","sticky":false,"template":"","format":"standard","meta":{"footnotes":""},"categories":[1],"tags":[],"yst_prominent_words":[],"class_list":["post-130","post","type-post","status-publish","format-standard","hentry","category-sin-categoria"],"_links":{"self":[{"href":"https:\/\/launionsantaana.gob.ec\/manabi\/wp-json\/wp\/v2\/posts\/130","targetHints":{"allow":["GET"]}}],"collection":[{"href":"https:\/\/launionsantaana.gob.ec\/manabi\/wp-json\/wp\/v2\/posts"}],"about":[{"href":"https:\/\/launionsantaana.gob.ec\/manabi\/wp-json\/wp\/v2\/types\/post"}],"author":[{"embeddable":true,"href":"https:\/\/launionsantaana.gob.ec\/manabi\/wp-json\/wp\/v2\/users\/1"}],"replies":[{"embeddable":true,"href":"https:\/\/launionsantaana.gob.ec\/manabi\/wp-json\/wp\/v2\/comments?post=130"}],"version-history":[{"count":2,"href":"https:\/\/launionsantaana.gob.ec\/manabi\/wp-json\/wp\/v2\/posts\/130\/revisions"}],"predecessor-version":[{"id":362,"href":"https:\/\/launionsantaana.gob.ec\/manabi\/wp-json\/wp\/v2\/posts\/130\/revisions\/362"}],"wp:attachment":[{"href":"https:\/\/launionsantaana.gob.ec\/manabi\/wp-json\/wp\/v2\/media?parent=130"}],"wp:term":[{"taxonomy":"category","embeddable":true,"href":"https:\/\/launionsantaana.gob.ec\/manabi\/wp-json\/wp\/v2\/categories?post=130"},{"taxonomy":"post_tag","embeddable":true,"href":"https:\/\/launionsantaana.gob.ec\/manabi\/wp-json\/wp\/v2\/tags?post=130"},{"taxonomy":"yst_prominent_words","embeddable":true,"href":"https:\/\/launionsantaana.gob.ec\/manabi\/wp-json\/wp\/v2\/yst_prominent_words?post=130"}],"curies":[{"name":"wp","href":"https:\/\/api.w.org\/{rel}","templated":true}]}}